{"id":425,"date":"2024-08-05T11:10:46","date_gmt":"2024-08-05T09:10:46","guid":{"rendered":"https:\/\/www.oratoriotrescore.it\/?p=425"},"modified":"2025-05-05T08:49:17","modified_gmt":"2025-05-05T07:49:17","slug":"bye-bye-summer-life-2024","status":"publish","type":"post","link":"https:\/\/www.oratoriotrescore.it\/?p=425","title":{"rendered":"BYE BYE SUMMER TIME 2024"},"content":{"rendered":"\n<p class=\"wp-block-paragraph\">Anche quest&#8217;anno torna il Minicre per salutare insieme la fine dell&#8217;estate!<\/p>\n\n\n\n<p class=\"wp-block-paragraph\">Si terr\u00e0 dal <strong><mark style=\"background-color:rgba(0, 0, 0, 0)\" class=\"has-inline-color has-vivid-red-color\">26 agosto al 6 settembre!<\/mark><\/strong><\/p>\n\n\n\n<p class=\"wp-block-paragraph\">Iscrizioni <em>luned\u00ec 12 agosto e marted\u00ec 13 agosto dalle 15 alle 18 in segreteria Oratorio!<\/em><\/p>\n\n\n\n<p class=\"wp-block-paragraph\"> Massimo 100 posti!<\/p>\n\n\n\n<p class=\"wp-block-paragraph\"><\/p>\n\n\n\n<p class=\"wp-block-paragraph\">Trovate in allegato il modulo di iscrizione!<\/p>\n\n\n\n<div data-wp-interactive=\"core\/file\" class=\"wp-block-file\"><object data-wp-bind--hidden=\"!state.hasPdfPreview\" hidden class=\"wp-block-file__embed\" data=\"https:\/\/www.oratoriotrescore.it\/wp-content\/uploads\/2024\/08\/MODULO-CRE-SETTEMBRE.pdf\" type=\"application\/pdf\" style=\"width:100%;height:600px\" aria-label=\"Incorporamento di MODULO CRE SETTEMBRE.\"><\/object><a id=\"wp-block-file--media-1988621a-6d15-4780-bc68-d8be8eb303f6\" href=\"https:\/\/www.oratoriotrescore.it\/wp-content\/uploads\/2024\/08\/MODULO-CRE-SETTEMBRE.pdf\">MODULO CRE SETTEMBRE<\/a><a href=\"https:\/\/www.oratoriotrescore.it\/wp-content\/uploads\/2024\/08\/MODULO-CRE-SETTEMBRE.pdf\" class=\"wp-block-file__button wp-element-button\" download aria-describedby=\"wp-block-file--media-1988621a-6d15-4780-bc68-d8be8eb303f6\">Download<\/a><\/div>\n\n\n\n<p class=\"wp-block-paragraph\"><strong><mark style=\"background-color:rgba(0, 0, 0, 0)\" class=\"has-inline-color has-vivid-red-color\">VI ASPETTIAMO!<\/mark><\/strong><\/p>\n","protected":false},"excerpt":{"rendered":"<p>Anche quest&#8217;anno torna il Minicre per salutare insieme la fine dell&#8217;estate! Si terr\u00e0 dal 26 agosto al 6 settembre! Iscrizioni luned\u00ec 12 agosto e marted\u00ec 13 agosto dalle 15 alle 18 in segreteria Oratorio! Massimo 100 posti! Trovate in allegato il modulo di iscrizione! VI ASPETTIAMO!<\/p>\n","protected":false},"author":1,"featured_media":429,"comment_status":"closed","ping_status":"open","sticky":false,"template":"","format":"standard","meta":{"footnotes":""},"categories":[8],"tags":[],"class_list":["post-425","post","type-post","status-publish","format-standard","has-post-thumbnail","hentry","category-cre-2024"],"_links":{"self":[{"href":"https:\/\/www.oratoriotrescore.it\/index.php?rest_route=\/wp\/v2\/posts\/425","targetHints":{"allow":["GET"]}}],"collection":[{"href":"https:\/\/www.oratoriotrescore.it\/index.php?rest_route=\/wp\/v2\/posts"}],"about":[{"href":"https:\/\/www.oratoriotrescore.it\/index.php?rest_route=\/wp\/v2\/types\/post"}],"author":[{"embeddable":true,"href":"https:\/\/www.oratoriotrescore.it\/index.php?rest_route=\/wp\/v2\/users\/1"}],"replies":[{"embeddable":true,"href":"https:\/\/www.oratoriotrescore.it\/index.php?rest_route=%2Fwp%2Fv2%2Fcomments&post=425"}],"version-history":[{"count":6,"href":"https:\/\/www.oratoriotrescore.it\/index.php?rest_route=\/wp\/v2\/posts\/425\/revisions"}],"predecessor-version":[{"id":436,"href":"https:\/\/www.oratoriotrescore.it\/index.php?rest_route=\/wp\/v2\/posts\/425\/revisions\/436"}],"wp:featuredmedia":[{"embeddable":true,"href":"https:\/\/www.oratoriotrescore.it\/index.php?rest_route=\/wp\/v2\/media\/429"}],"wp:attachment":[{"href":"https:\/\/www.oratoriotrescore.it\/index.php?rest_route=%2Fwp%2Fv2%2Fmedia&parent=425"}],"wp:term":[{"taxonomy":"category","embeddable":true,"href":"https:\/\/www.oratoriotrescore.it\/index.php?rest_route=%2Fwp%2Fv2%2Fcategories&post=425"},{"taxonomy":"post_tag","embeddable":true,"href":"https:\/\/www.oratoriotrescore.it\/index.php?rest_route=%2Fwp%2Fv2%2Ftags&post=425"}],"curies":[{"name":"wp","href":"https:\/\/api.w.org\/{rel}","templated":true}]}}